{"id":79,"date":"2019-05-24T18:34:25","date_gmt":"2019-05-24T17:34:25","guid":{"rendered":"http:\/\/neu.judomiesbach.de\/?p=79"},"modified":"2019-10-20T07:53:49","modified_gmt":"2019-10-20T06:53:49","slug":"kyu-pruefung-am-24-05-2019","status":"publish","type":"post","link":"https:\/\/www.judomiesbach.de\/?p=79","title":{"rendered":"Kyu-Pr\u00fcfung am 24.05.2019"},"content":{"rendered":"\n<figure class=\"wp-block-image\"><img loading=\"lazy\" decoding=\"async\" width=\"737\" height=\"1024\" src=\"http:\/\/neu.judomiesbach.de\/wp-content\/uploads\/2019\/10\/20190524_200808-1-737x1024.jpg\" alt=\"\" class=\"wp-image-85\" srcset=\"https:\/\/www.judomiesbach.de\/wp-content\/uploads\/2019\/10\/20190524_200808-1-737x1024.jpg 737w, https:\/\/www.judomiesbach.de\/wp-content\/uploads\/2019\/10\/20190524_200808-1-216x300.jpg 216w, https:\/\/www.judomiesbach.de\/wp-content\/uploads\/2019\/10\/20190524_200808-1-768x1067.jpg 768w, https:\/\/www.judomiesbach.de\/wp-content\/uploads\/2019\/10\/20190524_200808-1-1200x1667.jpg 1200w, https:\/\/www.judomiesbach.de\/wp-content\/uploads\/2019\/10\/20190524_200808-1.jpg 1913w\" sizes=\"auto, (max-width: 709px) 85vw, (max-width: 909px) 67vw, (max-width: 984px) 61vw, (max-width: 1362px) 45vw, 600px\" \/><\/figure>\n\n\n\n<p>Vergangenen\nFreitag herrschte nicht nur in den Miesbacher Schulen, sondern auch in der\nbenachbarten Realschulturnhalle Pr\u00fcfungsatmosph\u00e4re. Denn f\u00fcr acht Judoka aus\ndem Oberland standen die Pr\u00fcfungen zum 1. Kyu (Braungurt) an. Unter ihnen befanden\nsich mit Amelie Baumbach und Vitus Bern\u00f6cker auch zwei TV-Judoka. Spartenleiter\nChristian Grosch hatte die beiden 15-J\u00e4hrigen akribisch auf diesen Tag\nvorbereitet. Das monatelange Training zahlreicher neuer Techniken hatte sich am\nEnde gelohnt. Unter den kritischen Blicken des Kreispr\u00fcfungsbeaufragten J\u00fcrgen\nBillmeier (Garmisch-Partenkirchen) zeigten die beiden die besten Techniken\naller Kandidaten. Somit sind nun insgesamt sechs Miesbacher Judoka Tr\u00e4ger des\nbraunen Gurtes \u2013 so viele wie noch nie!<\/p>\n\n\n\n<p>Ihre\nersten Auftritte mit der neuen G\u00fcrtelfarbe haben die beiden gleich am\n\u00fcbern\u00e4chsten Wochenende beim \u00e4u\u00dferst stark besetzten Internationalen Turnier in\nStra\u00dfwalchen (\u00d6sterreich), wo sie sowohl im Einzel als auch f\u00fcr die\nOberbayernauswahl antreten werden.<\/p>\n","protected":false},"excerpt":{"rendered":"<p>Vergangenen Freitag herrschte nicht nur in den Miesbacher Schulen, sondern auch in der benachbarten Realschulturnhalle Pr\u00fcfungsatmosph\u00e4re. Denn f\u00fcr acht Judoka aus dem Oberland standen die Pr\u00fcfungen zum 1. Kyu (Braungurt) an. Unter ihnen befanden sich mit Amelie Baumbach und Vitus Bern\u00f6cker auch zwei TV-Judoka. Spartenleiter Christian Grosch hatte die beiden 15-J\u00e4hrigen akribisch auf diesen Tag &hellip; <a href=\"https:\/\/www.judomiesbach.de\/?p=79\" class=\"more-link\"><span class=\"screen-reader-text\">\u201eKyu-Pr\u00fcfung am 24.05.2019\u201c <\/span>weiterlesen<\/a><\/p>\n","protected":false},"author":1,"featured_media":0,"comment_status":"closed","ping_status":"closed","sticky":false,"template":"","format":"standard","meta":{"footnotes":""},"categories":[5],"tags":[],"class_list":["post-79","post","type-post","status-publish","format-standard","hentry","category-guertel-pruefungen"],"_links":{"self":[{"href":"https:\/\/www.judomiesbach.de\/index.php?rest_route=\/wp\/v2\/posts\/79","targetHints":{"allow":["GET"]}}],"collection":[{"href":"https:\/\/www.judomiesbach.de\/index.php?rest_route=\/wp\/v2\/posts"}],"about":[{"href":"https:\/\/www.judomiesbach.de\/index.php?rest_route=\/wp\/v2\/types\/post"}],"author":[{"embeddable":true,"href":"https:\/\/www.judomiesbach.de\/index.php?rest_route=\/wp\/v2\/users\/1"}],"replies":[{"embeddable":true,"href":"https:\/\/www.judomiesbach.de\/index.php?rest_route=%2Fwp%2Fv2%2Fcomments&post=79"}],"version-history":[{"count":3,"href":"https:\/\/www.judomiesbach.de\/index.php?rest_route=\/wp\/v2\/posts\/79\/revisions"}],"predecessor-version":[{"id":86,"href":"https:\/\/www.judomiesbach.de\/index.php?rest_route=\/wp\/v2\/posts\/79\/revisions\/86"}],"wp:attachment":[{"href":"https:\/\/www.judomiesbach.de\/index.php?rest_route=%2Fwp%2Fv2%2Fmedia&parent=79"}],"wp:term":[{"taxonomy":"category","embeddable":true,"href":"https:\/\/www.judomiesbach.de\/index.php?rest_route=%2Fwp%2Fv2%2Fcategories&post=79"},{"taxonomy":"post_tag","embeddable":true,"href":"https:\/\/www.judomiesbach.de\/index.php?rest_route=%2Fwp%2Fv2%2Ftags&post=79"}],"curies":[{"name":"wp","href":"https:\/\/api.w.org\/{rel}","templated":true}]}}