{"id":63,"date":"2019-01-20T18:15:17","date_gmt":"2019-01-20T17:15:17","guid":{"rendered":"http:\/\/neu.judomiesbach.de\/?p=63"},"modified":"2019-10-20T08:22:29","modified_gmt":"2019-10-20T07:22:29","slug":"suedbayerische-em-u18-in-prien","status":"publish","type":"post","link":"https:\/\/www.judomiesbach.de\/?p=63","title":{"rendered":"S\u00fcdbayerische EM U18 in Prien"},"content":{"rendered":"\n<figure class=\"wp-block-image\"><img loading=\"lazy\" decoding=\"async\" width=\"1024\" height=\"683\" src=\"http:\/\/neu.judomiesbach.de\/wp-content\/uploads\/2019\/10\/IMG_7716-1-1024x683.jpg\" alt=\"\" class=\"wp-image-109\" srcset=\"https:\/\/www.judomiesbach.de\/wp-content\/uploads\/2019\/10\/IMG_7716-1-1024x683.jpg 1024w, https:\/\/www.judomiesbach.de\/wp-content\/uploads\/2019\/10\/IMG_7716-1-300x200.jpg 300w, https:\/\/www.judomiesbach.de\/wp-content\/uploads\/2019\/10\/IMG_7716-1-768x512.jpg 768w, https:\/\/www.judomiesbach.de\/wp-content\/uploads\/2019\/10\/IMG_7716-1-1200x800.jpg 1200w\" sizes=\"auto, (max-width: 709px) 85vw, (max-width: 909px) 67vw, (max-width: 1362px) 62vw, 840px\" \/><\/figure>\n\n\n\n<p>Gro\u00dfe\nFreude herrschte vergangenen Sonntag bei den Judoka des TV Miesbach. Denn alle\ndrei angetretenen U18-K\u00e4mpfer aus der Kreisstadt qualifizierten sich bei den\nS\u00fcdbayerischen Meisterschaften in Prien f\u00fcr die Bayerischen Titelk\u00e4mpfe am\nkommenden Samstag. Und mit Vitus Bern\u00f6cker und Tamara Hart landeten zwei von\nihnen am Ende sogar auf dem Stockerl. Der frischgebackene oberbayerische\nMeister Bern\u00f6cker startete zun\u00e4chst mit einer erwarteten&nbsp; Niederlage gegen den sp\u00e4teren Gesamtsieger\nBen Howard (TSV Abensberg), ehe er sich mit zwei souver\u00e4nen Siegen Silber\nsicherte. Die gleiche Kampfbilanz wies Tamara Hart in der Gewichtsklasse bis\n70kg auf. Die oberbayerische Meisterin erhielt nach zwei deutlichen Siegen und\neiner knappen Niederlage am Ende die Silbermedaille. Achtbar schlug sich auch\nAmelie Baumbach, die sich in der \u00e4u\u00dferst starken Gewichtsklasse bis 57kg Rang\nsieben sicherte und sich damit auch auf den Weg zu den Landestitelk\u00e4mpfen nach\nAbensberg machen kann.<\/p>\n","protected":false},"excerpt":{"rendered":"<p>Gro\u00dfe Freude herrschte vergangenen Sonntag bei den Judoka des TV Miesbach. Denn alle drei angetretenen U18-K\u00e4mpfer aus der Kreisstadt qualifizierten sich bei den S\u00fcdbayerischen Meisterschaften in Prien f\u00fcr die Bayerischen Titelk\u00e4mpfe am kommenden Samstag. Und mit Vitus Bern\u00f6cker und Tamara Hart landeten zwei von ihnen am Ende sogar auf dem Stockerl. Der frischgebackene oberbayerische Meister &hellip; <a href=\"https:\/\/www.judomiesbach.de\/?p=63\" class=\"more-link\"><span class=\"screen-reader-text\">\u201eS\u00fcdbayerische EM U18 in Prien\u201c <\/span>weiterlesen<\/a><\/p>\n","protected":false},"author":1,"featured_media":0,"comment_status":"closed","ping_status":"closed","sticky":false,"template":"","format":"standard","meta":{"footnotes":""},"categories":[1],"tags":[],"class_list":["post-63","post","type-post","status-publish","format-standard","hentry","category-wettkaempfe"],"_links":{"self":[{"href":"https:\/\/www.judomiesbach.de\/index.php?rest_route=\/wp\/v2\/posts\/63","targetHints":{"allow":["GET"]}}],"collection":[{"href":"https:\/\/www.judomiesbach.de\/index.php?rest_route=\/wp\/v2\/posts"}],"about":[{"href":"https:\/\/www.judomiesbach.de\/index.php?rest_route=\/wp\/v2\/types\/post"}],"author":[{"embeddable":true,"href":"https:\/\/www.judomiesbach.de\/index.php?rest_route=\/wp\/v2\/users\/1"}],"replies":[{"embeddable":true,"href":"https:\/\/www.judomiesbach.de\/index.php?rest_route=%2Fwp%2Fv2%2Fcomments&post=63"}],"version-history":[{"count":3,"href":"https:\/\/www.judomiesbach.de\/index.php?rest_route=\/wp\/v2\/posts\/63\/revisions"}],"predecessor-version":[{"id":110,"href":"https:\/\/www.judomiesbach.de\/index.php?rest_route=\/wp\/v2\/posts\/63\/revisions\/110"}],"wp:attachment":[{"href":"https:\/\/www.judomiesbach.de\/index.php?rest_route=%2Fwp%2Fv2%2Fmedia&parent=63"}],"wp:term":[{"taxonomy":"category","embeddable":true,"href":"https:\/\/www.judomiesbach.de\/index.php?rest_route=%2Fwp%2Fv2%2Fcategories&post=63"},{"taxonomy":"post_tag","embeddable":true,"href":"https:\/\/www.judomiesbach.de\/index.php?rest_route=%2Fwp%2Fv2%2Ftags&post=63"}],"curies":[{"name":"wp","href":"https:\/\/api.w.org\/{rel}","templated":true}]}}