{"id":526,"date":"2024-03-21T19:19:16","date_gmt":"2024-03-21T18:19:16","guid":{"rendered":"https:\/\/www.judomiesbach.de\/?p=526"},"modified":"2024-03-21T19:19:16","modified_gmt":"2024-03-21T18:19:16","slug":"endlich-der-neue-heissersehnte-guertel-ist-da","status":"publish","type":"post","link":"https:\/\/www.judomiesbach.de\/?p=526","title":{"rendered":"Endlich! Der neue hei\u00dfersehnte G\u00fcrtel ist da."},"content":{"rendered":"\n<figure class=\"wp-block-image size-large is-resized\"><img loading=\"lazy\" decoding=\"async\" width=\"1024\" height=\"919\" src=\"https:\/\/www.judomiesbach.de\/wp-content\/uploads\/2024\/03\/5.-Guertelpruefung-der-Kleinen-15.03.24-1024x919.jpg\" alt=\"\" class=\"wp-image-527\" style=\"width:492px;height:auto\" srcset=\"https:\/\/www.judomiesbach.de\/wp-content\/uploads\/2024\/03\/5.-Guertelpruefung-der-Kleinen-15.03.24-1024x919.jpg 1024w, https:\/\/www.judomiesbach.de\/wp-content\/uploads\/2024\/03\/5.-Guertelpruefung-der-Kleinen-15.03.24-300x269.jpg 300w, https:\/\/www.judomiesbach.de\/wp-content\/uploads\/2024\/03\/5.-Guertelpruefung-der-Kleinen-15.03.24-768x689.jpg 768w, https:\/\/www.judomiesbach.de\/wp-content\/uploads\/2024\/03\/5.-Guertelpruefung-der-Kleinen-15.03.24-1536x1378.jpg 1536w, https:\/\/www.judomiesbach.de\/wp-content\/uploads\/2024\/03\/5.-Guertelpruefung-der-Kleinen-15.03.24-2048x1837.jpg 2048w, https:\/\/www.judomiesbach.de\/wp-content\/uploads\/2024\/03\/5.-Guertelpruefung-der-Kleinen-15.03.24-1200x1077.jpg 1200w\" sizes=\"auto, (max-width: 709px) 85vw, (max-width: 909px) 67vw, (max-width: 1362px) 62vw, 840px\" \/><\/figure>\n\n\n\n<p>Am Freitag den 15.03.2024 legte unser Judonachwuchs die Pr\u00fcfung zum wei\u00df-gelben G\u00fcrtel ab. Berta, Johanna, Jonas, Edgar, David, Eric und Dimitrije hatten zuvor mit ihrer Trainerin Katja Grosch flei\u00dfig ge\u00fcbt. Nun legten sie unter den wachsamen Augen der Trainerin Katja Grosch und der frisch gebackenen Pr\u00fcferin Hannah Sergel los. Fallschule, W\u00fcrfe und Festhalter, alles hat super funktioniert. Nach der Pr\u00fcfung lobte die Pr\u00fcferin Hannah Sergel alle sieben f\u00fcr ihre gezeigten Leistungen und \u00fcberreichte die neuen G\u00fcrtel, welchen sie dann ganz schnell gegen den alten austauschten. Alle stellten fest, dass ihnen der neue G\u00fcrtel viel besser steht. Recht haben sie, macht weiter so.<\/p>\n","protected":false},"excerpt":{"rendered":"<p>Am Freitag den 15.03.2024 legte unser Judonachwuchs die Pr\u00fcfung zum wei\u00df-gelben G\u00fcrtel ab. Berta, Johanna, Jonas, Edgar, David, Eric und Dimitrije hatten zuvor mit ihrer Trainerin Katja Grosch flei\u00dfig ge\u00fcbt. Nun legten sie unter den wachsamen Augen der Trainerin Katja Grosch und der frisch gebackenen Pr\u00fcferin Hannah Sergel los. Fallschule, W\u00fcrfe und Festhalter, alles hat &hellip; <a href=\"https:\/\/www.judomiesbach.de\/?p=526\" class=\"more-link\"><span class=\"screen-reader-text\">\u201eEndlich! Der neue hei\u00dfersehnte G\u00fcrtel ist da.\u201c <\/span>weiterlesen<\/a><\/p>\n","protected":false},"author":1,"featured_media":0,"comment_status":"closed","ping_status":"closed","sticky":false,"template":"","format":"standard","meta":{"footnotes":""},"categories":[5],"tags":[],"class_list":["post-526","post","type-post","status-publish","format-standard","hentry","category-guertel-pruefungen"],"_links":{"self":[{"href":"https:\/\/www.judomiesbach.de\/index.php?rest_route=\/wp\/v2\/posts\/526","targetHints":{"allow":["GET"]}}],"collection":[{"href":"https:\/\/www.judomiesbach.de\/index.php?rest_route=\/wp\/v2\/posts"}],"about":[{"href":"https:\/\/www.judomiesbach.de\/index.php?rest_route=\/wp\/v2\/types\/post"}],"author":[{"embeddable":true,"href":"https:\/\/www.judomiesbach.de\/index.php?rest_route=\/wp\/v2\/users\/1"}],"replies":[{"embeddable":true,"href":"https:\/\/www.judomiesbach.de\/index.php?rest_route=%2Fwp%2Fv2%2Fcomments&post=526"}],"version-history":[{"count":1,"href":"https:\/\/www.judomiesbach.de\/index.php?rest_route=\/wp\/v2\/posts\/526\/revisions"}],"predecessor-version":[{"id":528,"href":"https:\/\/www.judomiesbach.de\/index.php?rest_route=\/wp\/v2\/posts\/526\/revisions\/528"}],"wp:attachment":[{"href":"https:\/\/www.judomiesbach.de\/index.php?rest_route=%2Fwp%2Fv2%2Fmedia&parent=526"}],"wp:term":[{"taxonomy":"category","embeddable":true,"href":"https:\/\/www.judomiesbach.de\/index.php?rest_route=%2Fwp%2Fv2%2Fcategories&post=526"},{"taxonomy":"post_tag","embeddable":true,"href":"https:\/\/www.judomiesbach.de\/index.php?rest_route=%2Fwp%2Fv2%2Ftags&post=526"}],"curies":[{"name":"wp","href":"https:\/\/api.w.org\/{rel}","templated":true}]}}