{"id":492,"date":"2024-02-27T18:39:32","date_gmt":"2024-02-27T17:39:32","guid":{"rendered":"https:\/\/www.judomiesbach.de\/?p=492"},"modified":"2024-02-27T18:39:32","modified_gmt":"2024-02-27T17:39:32","slug":"oberbayerische-meisterschaften-u13-in-teisendorf","status":"publish","type":"post","link":"https:\/\/www.judomiesbach.de\/?p=492","title":{"rendered":"Oberbayerische Meisterschaften U13 in Teisendorf"},"content":{"rendered":"\n<figure class=\"wp-block-image size-large is-resized\"><img loading=\"lazy\" decoding=\"async\" width=\"768\" height=\"1024\" src=\"https:\/\/www.judomiesbach.de\/wp-content\/uploads\/2024\/02\/3.-OBB-EM-FU13-Ella-und-Finia-768x1024.jpg\" alt=\"\" class=\"wp-image-493\" style=\"aspect-ratio:0.75;width:325px;height:auto\" srcset=\"https:\/\/www.judomiesbach.de\/wp-content\/uploads\/2024\/02\/3.-OBB-EM-FU13-Ella-und-Finia-768x1024.jpg 768w, https:\/\/www.judomiesbach.de\/wp-content\/uploads\/2024\/02\/3.-OBB-EM-FU13-Ella-und-Finia-225x300.jpg 225w, https:\/\/www.judomiesbach.de\/wp-content\/uploads\/2024\/02\/3.-OBB-EM-FU13-Ella-und-Finia-1152x1536.jpg 1152w, https:\/\/www.judomiesbach.de\/wp-content\/uploads\/2024\/02\/3.-OBB-EM-FU13-Ella-und-Finia-1536x2048.jpg 1536w, https:\/\/www.judomiesbach.de\/wp-content\/uploads\/2024\/02\/3.-OBB-EM-FU13-Ella-und-Finia-1200x1600.jpg 1200w, https:\/\/www.judomiesbach.de\/wp-content\/uploads\/2024\/02\/3.-OBB-EM-FU13-Ella-und-Finia-scaled.jpg 1920w\" sizes=\"auto, (max-width: 709px) 85vw, (max-width: 909px) 67vw, (max-width: 984px) 61vw, (max-width: 1362px) 45vw, 600px\" \/><\/figure>\n\n\n\n<p><\/p>\n\n\n\n<p>6 junge Kids unseres Nachwuchses, fuhren zum aller ersten Mal in ihrem Wettkampf-Leben zu Oberbayerischen Meisterschaften. Ella und Finia begannen am Vormittag. Finia hatte drei Begegnungen. Alle drei K\u00e4mpfte gingen \u00fcber die gesamte Kampfzeit und sie gab lediglich nur eine Wertung ab. Zwei Begegnungen waren unentschieden. Dadurch wurden die K\u00e4mpfe leider durch die Kampfrichter entschieden. Finia hat sich aber bei ihrem Deb\u00fct grandios geschlagen und ganz klar gezeigt, aus welchen Holz sie geschnitzt ist. Und auch wenn sich dies nicht mit einem Platz auf dem Stokerl belohnt wurde, kann sie zurecht stolz auf ihre gezeigte Leistung sein. Ella k\u00e4mpfte sich bis zum Kampf um den Einzug ins Finale durch, indem sie einige Begegnungen durch klare Wurfpunkte f\u00fcr sich entscheiden konnte. Dies wurde dann mit einer Bronzemedaille und der Qualifikation zu den S\u00fcdbayerischen Meisterschaften belohnt.<\/p>\n\n\n\n<p>Ab Mittag waren dann die Jungs dran. Da die Gewichtsklassen mit bis zu 17 Startern gut gef\u00fcllt waren, wussten wir, dass es spannend wird. Sie konnten einige K\u00e4mpfe f\u00fcr sich entscheiden und haben gemerkt das was geht, aber noch ein paar Baustellen \u00fcbrig sind, an denen wir gemeinsam arbeiten werden. Also weiter so, dass habt ihr toll gemacht.<\/p>\n","protected":false},"excerpt":{"rendered":"<p>6 junge Kids unseres Nachwuchses, fuhren zum aller ersten Mal in ihrem Wettkampf-Leben zu Oberbayerischen Meisterschaften. Ella und Finia begannen am Vormittag. Finia hatte drei Begegnungen. Alle drei K\u00e4mpfte gingen \u00fcber die gesamte Kampfzeit und sie gab lediglich nur eine Wertung ab. Zwei Begegnungen waren unentschieden. Dadurch wurden die K\u00e4mpfe leider durch die Kampfrichter entschieden. &hellip; <a href=\"https:\/\/www.judomiesbach.de\/?p=492\" class=\"more-link\"><span class=\"screen-reader-text\">\u201eOberbayerische Meisterschaften U13 in Teisendorf\u201c <\/span>weiterlesen<\/a><\/p>\n","protected":false},"author":1,"featured_media":0,"comment_status":"closed","ping_status":"closed","sticky":false,"template":"","format":"standard","meta":{"footnotes":""},"categories":[1],"tags":[],"class_list":["post-492","post","type-post","status-publish","format-standard","hentry","category-wettkaempfe"],"_links":{"self":[{"href":"https:\/\/www.judomiesbach.de\/index.php?rest_route=\/wp\/v2\/posts\/492","targetHints":{"allow":["GET"]}}],"collection":[{"href":"https:\/\/www.judomiesbach.de\/index.php?rest_route=\/wp\/v2\/posts"}],"about":[{"href":"https:\/\/www.judomiesbach.de\/index.php?rest_route=\/wp\/v2\/types\/post"}],"author":[{"embeddable":true,"href":"https:\/\/www.judomiesbach.de\/index.php?rest_route=\/wp\/v2\/users\/1"}],"replies":[{"embeddable":true,"href":"https:\/\/www.judomiesbach.de\/index.php?rest_route=%2Fwp%2Fv2%2Fcomments&post=492"}],"version-history":[{"count":1,"href":"https:\/\/www.judomiesbach.de\/index.php?rest_route=\/wp\/v2\/posts\/492\/revisions"}],"predecessor-version":[{"id":494,"href":"https:\/\/www.judomiesbach.de\/index.php?rest_route=\/wp\/v2\/posts\/492\/revisions\/494"}],"wp:attachment":[{"href":"https:\/\/www.judomiesbach.de\/index.php?rest_route=%2Fwp%2Fv2%2Fmedia&parent=492"}],"wp:term":[{"taxonomy":"category","embeddable":true,"href":"https:\/\/www.judomiesbach.de\/index.php?rest_route=%2Fwp%2Fv2%2Fcategories&post=492"},{"taxonomy":"post_tag","embeddable":true,"href":"https:\/\/www.judomiesbach.de\/index.php?rest_route=%2Fwp%2Fv2%2Ftags&post=492"}],"curies":[{"name":"wp","href":"https:\/\/api.w.org\/{rel}","templated":true}]}}