{"id":45,"date":"2013-12-13T16:07:23","date_gmt":"2013-12-13T15:07:23","guid":{"rendered":"http:\/\/neu.judomiesbach.de\/?p=45"},"modified":"2019-10-20T07:06:07","modified_gmt":"2019-10-20T06:06:07","slug":"guertelpruefung","status":"publish","type":"post","link":"https:\/\/www.judomiesbach.de\/?p=45","title":{"rendered":"G\u00fcrtelpr\u00fcfung"},"content":{"rendered":"\n<figure class=\"wp-block-image\"><img loading=\"lazy\" decoding=\"async\" width=\"1024\" height=\"768\" src=\"http:\/\/neu.judomiesbach.de\/wp-content\/uploads\/2019\/10\/P1170431-2-1024x768.jpg\" alt=\"\" class=\"wp-image-57\" srcset=\"https:\/\/www.judomiesbach.de\/wp-content\/uploads\/2019\/10\/P1170431-2-1024x768.jpg 1024w, https:\/\/www.judomiesbach.de\/wp-content\/uploads\/2019\/10\/P1170431-2-300x225.jpg 300w, https:\/\/www.judomiesbach.de\/wp-content\/uploads\/2019\/10\/P1170431-2-768x576.jpg 768w, https:\/\/www.judomiesbach.de\/wp-content\/uploads\/2019\/10\/P1170431-2-1200x900.jpg 1200w, https:\/\/www.judomiesbach.de\/wp-content\/uploads\/2019\/10\/P1170431-2.jpg 1600w\" sizes=\"auto, (max-width: 709px) 85vw, (max-width: 909px) 67vw, (max-width: 1362px) 62vw, 840px\" \/><\/figure>\n\n\n\n<p>Die Vorweihnachtszeit brachte\nacht Judokas des TV Miesbach eine vorgezogene Bescherung. Denn nach bestandenen\nPr\u00fcfungen sind diese nun Tr\u00e4ger der n\u00e4chsth\u00f6heren G\u00fcrtelfarbe. Die Neulinge\nJonas Ziegler, Julian Lohmann, Keno Wintgen und Nico Weber sind seither Tr\u00e4ger\ndes 8. Kyu. Beachtenswert ist dabei die Leistung Webers. Er geh\u00f6rt n\u00e4mlich der\nkleinen Gruppe geistig behinderter Jugendlicher an, die seit dem Herbst bei den\nTV-Judokas mittrainiert. Bei der Pr\u00fcfung zeigte er als erster von ihnen alle\ngeforderten Techniken korrekt und ist seither stolzer Tr\u00e4ger des wei\u00df-gelben\nG\u00fcrtels. <\/p>\n\n\n\n<p>Laura Killer bestand die\nHerausforderungen f\u00fcr den 7. Kyu (gelb). Die bereits seit mehreren Jahren\nturniererprobten Teresa Scheck, Luisa Orendt sowie Sebastian Godderis sind\njetzt im Besitz des 3. Kyu (gr\u00fcn).<\/p>\n\n\n\n<p>Damit hat sich das intensive\nTraining der letzten Wochen und Monate f\u00fcr die Sch\u00fctzlinge von Katja und\nChristian Grosch ausgezahlt. Und kommendes Jahr werden sie bei den anstehenden\nTurnieren die Gelegenheit haben, die neu erlernten Techniken im Wettkampf\nanzuwenden.<\/p>\n","protected":false},"excerpt":{"rendered":"<p>Die Vorweihnachtszeit brachte acht Judokas des TV Miesbach eine vorgezogene Bescherung. Denn nach bestandenen Pr\u00fcfungen sind diese nun Tr\u00e4ger der n\u00e4chsth\u00f6heren G\u00fcrtelfarbe. Die Neulinge Jonas Ziegler, Julian Lohmann, Keno Wintgen und Nico Weber sind seither Tr\u00e4ger des 8. Kyu. Beachtenswert ist dabei die Leistung Webers. Er geh\u00f6rt n\u00e4mlich der kleinen Gruppe geistig behinderter Jugendlicher an, &hellip; <a href=\"https:\/\/www.judomiesbach.de\/?p=45\" class=\"more-link\"><span class=\"screen-reader-text\">\u201eG\u00fcrtelpr\u00fcfung\u201c <\/span>weiterlesen<\/a><\/p>\n","protected":false},"author":1,"featured_media":0,"comment_status":"closed","ping_status":"closed","sticky":false,"template":"","format":"standard","meta":{"footnotes":""},"categories":[5],"tags":[],"class_list":["post-45","post","type-post","status-publish","format-standard","hentry","category-guertel-pruefungen"],"_links":{"self":[{"href":"https:\/\/www.judomiesbach.de\/index.php?rest_route=\/wp\/v2\/posts\/45","targetHints":{"allow":["GET"]}}],"collection":[{"href":"https:\/\/www.judomiesbach.de\/index.php?rest_route=\/wp\/v2\/posts"}],"about":[{"href":"https:\/\/www.judomiesbach.de\/index.php?rest_route=\/wp\/v2\/types\/post"}],"author":[{"embeddable":true,"href":"https:\/\/www.judomiesbach.de\/index.php?rest_route=\/wp\/v2\/users\/1"}],"replies":[{"embeddable":true,"href":"https:\/\/www.judomiesbach.de\/index.php?rest_route=%2Fwp%2Fv2%2Fcomments&post=45"}],"version-history":[{"count":2,"href":"https:\/\/www.judomiesbach.de\/index.php?rest_route=\/wp\/v2\/posts\/45\/revisions"}],"predecessor-version":[{"id":58,"href":"https:\/\/www.judomiesbach.de\/index.php?rest_route=\/wp\/v2\/posts\/45\/revisions\/58"}],"wp:attachment":[{"href":"https:\/\/www.judomiesbach.de\/index.php?rest_route=%2Fwp%2Fv2%2Fmedia&parent=45"}],"wp:term":[{"taxonomy":"category","embeddable":true,"href":"https:\/\/www.judomiesbach.de\/index.php?rest_route=%2Fwp%2Fv2%2Fcategories&post=45"},{"taxonomy":"post_tag","embeddable":true,"href":"https:\/\/www.judomiesbach.de\/index.php?rest_route=%2Fwp%2Fv2%2Ftags&post=45"}],"curies":[{"name":"wp","href":"https:\/\/api.w.org\/{rel}","templated":true}]}}