{"id":446,"date":"2023-09-26T16:55:36","date_gmt":"2023-09-26T15:55:36","guid":{"rendered":"https:\/\/www.judomiesbach.de\/?p=446"},"modified":"2023-09-26T16:55:36","modified_gmt":"2023-09-26T15:55:36","slug":"miesbacher-judoka-ganz-oben-auf-dem-stockerl","status":"publish","type":"post","link":"https:\/\/www.judomiesbach.de\/?p=446","title":{"rendered":"Miesbacher Judoka ganz oben auf dem Stockerl"},"content":{"rendered":"\n<figure class=\"wp-block-image size-large\"><img loading=\"lazy\" decoding=\"async\" width=\"1024\" height=\"768\" src=\"https:\/\/www.judomiesbach.de\/wp-content\/uploads\/2023\/09\/Miesbacher-Erfolgreich-in-Holzkirchen-1024x768.jpg\" alt=\"\" class=\"wp-image-447\" srcset=\"https:\/\/www.judomiesbach.de\/wp-content\/uploads\/2023\/09\/Miesbacher-Erfolgreich-in-Holzkirchen-1024x768.jpg 1024w, https:\/\/www.judomiesbach.de\/wp-content\/uploads\/2023\/09\/Miesbacher-Erfolgreich-in-Holzkirchen-300x225.jpg 300w, https:\/\/www.judomiesbach.de\/wp-content\/uploads\/2023\/09\/Miesbacher-Erfolgreich-in-Holzkirchen-768x576.jpg 768w, https:\/\/www.judomiesbach.de\/wp-content\/uploads\/2023\/09\/Miesbacher-Erfolgreich-in-Holzkirchen-1536x1152.jpg 1536w, https:\/\/www.judomiesbach.de\/wp-content\/uploads\/2023\/09\/Miesbacher-Erfolgreich-in-Holzkirchen-1200x900.jpg 1200w, https:\/\/www.judomiesbach.de\/wp-content\/uploads\/2023\/09\/Miesbacher-Erfolgreich-in-Holzkirchen.jpg 2016w\" sizes=\"auto, (max-width: 709px) 85vw, (max-width: 909px) 67vw, (max-width: 1362px) 62vw, 840px\" \/><\/figure>\n\n\n\n<p>Am Samstag den 23.09. fuhren 3 Judo-M\u00e4dels des TV Miesbach, zu den Oberbayerischen Meisterschaften nach Holzkirchen. Alle drei waren sehr motiviert, da die Platzierung \u00fcber die Qualifikation zur Teilnahme an den S\u00fcdbayerischen Meisterschaften, in Augsburg entscheidet. F\u00fcr Flora Schrenk war es ein Deb\u00fct. Sie startete das aller erste Mal \u00fcberhaupt, bei den Oberbayerischen der FU15. Sie verlor den ersten Kampf nur knapp, wodurch sie in die Hoffnungsrunde kam. Dort gewann sie die n\u00e4chste Begegnung und belegte so den f\u00fcnften Platz, was ihr das Ticket zu den S\u00fcdbayerischen sicherte. Josefa Wassermann und Magdalena Kr\u00f6s gingen in der zahlen- und leistungsm\u00e4\u00dfig stark besetzten Gewichtsklasse bis 57kg an den Start. Beide k\u00e4mpften sich in getrennten Pools bis zum Finale durch, wo sie dann aufeinandertrafen. Dies bedeutete, dass der Oberbayerische Meistertitel dem TV Miesbach sicher war. Die Frage war nur, wer von beiden ganz oben auf das Stockerl steigt. Beide habe sich nichts geschenkt. Am Ende setzte sich Josefa Wassermann durch und holte den OBB-Meistertitel. Hoch verdient ging somit der Titel der Vizemeisterin an Magdalena Kr\u00f6s. Wir sind sehr stolz auf die erbrachten Leistungen. Bitte weiter so.<\/p>\n","protected":false},"excerpt":{"rendered":"<p>Am Samstag den 23.09. fuhren 3 Judo-M\u00e4dels des TV Miesbach, zu den Oberbayerischen Meisterschaften nach Holzkirchen. Alle drei waren sehr motiviert, da die Platzierung \u00fcber die Qualifikation zur Teilnahme an den S\u00fcdbayerischen Meisterschaften, in Augsburg entscheidet. F\u00fcr Flora Schrenk war es ein Deb\u00fct. Sie startete das aller erste Mal \u00fcberhaupt, bei den Oberbayerischen der FU15. &hellip; <a href=\"https:\/\/www.judomiesbach.de\/?p=446\" class=\"more-link\"><span class=\"screen-reader-text\">\u201eMiesbacher Judoka ganz oben auf dem Stockerl\u201c <\/span>weiterlesen<\/a><\/p>\n","protected":false},"author":1,"featured_media":0,"comment_status":"closed","ping_status":"closed","sticky":false,"template":"","format":"standard","meta":{"footnotes":""},"categories":[1],"tags":[],"class_list":["post-446","post","type-post","status-publish","format-standard","hentry","category-wettkaempfe"],"_links":{"self":[{"href":"https:\/\/www.judomiesbach.de\/index.php?rest_route=\/wp\/v2\/posts\/446","targetHints":{"allow":["GET"]}}],"collection":[{"href":"https:\/\/www.judomiesbach.de\/index.php?rest_route=\/wp\/v2\/posts"}],"about":[{"href":"https:\/\/www.judomiesbach.de\/index.php?rest_route=\/wp\/v2\/types\/post"}],"author":[{"embeddable":true,"href":"https:\/\/www.judomiesbach.de\/index.php?rest_route=\/wp\/v2\/users\/1"}],"replies":[{"embeddable":true,"href":"https:\/\/www.judomiesbach.de\/index.php?rest_route=%2Fwp%2Fv2%2Fcomments&post=446"}],"version-history":[{"count":1,"href":"https:\/\/www.judomiesbach.de\/index.php?rest_route=\/wp\/v2\/posts\/446\/revisions"}],"predecessor-version":[{"id":448,"href":"https:\/\/www.judomiesbach.de\/index.php?rest_route=\/wp\/v2\/posts\/446\/revisions\/448"}],"wp:attachment":[{"href":"https:\/\/www.judomiesbach.de\/index.php?rest_route=%2Fwp%2Fv2%2Fmedia&parent=446"}],"wp:term":[{"taxonomy":"category","embeddable":true,"href":"https:\/\/www.judomiesbach.de\/index.php?rest_route=%2Fwp%2Fv2%2Fcategories&post=446"},{"taxonomy":"post_tag","embeddable":true,"href":"https:\/\/www.judomiesbach.de\/index.php?rest_route=%2Fwp%2Fv2%2Ftags&post=446"}],"curies":[{"name":"wp","href":"https:\/\/api.w.org\/{rel}","templated":true}]}}