{"id":392,"date":"2023-03-27T17:34:42","date_gmt":"2023-03-27T16:34:42","guid":{"rendered":"https:\/\/www.judomiesbach.de\/?p=392"},"modified":"2023-03-27T17:34:42","modified_gmt":"2023-03-27T16:34:42","slug":"endlich-der-neue-heiss-ersehnte-guertel-ist-da-2","status":"publish","type":"post","link":"https:\/\/www.judomiesbach.de\/?p=392","title":{"rendered":"<strong>Endlich! Der neue hei\u00df ersehnte G\u00fcrtel ist da<\/strong>"},"content":{"rendered":"\n<figure class=\"wp-block-image size-large\"><img loading=\"lazy\" decoding=\"async\" width=\"1024\" height=\"791\" src=\"https:\/\/www.judomiesbach.de\/wp-content\/uploads\/2023\/03\/Guertelpruefung-1024x791.jpg\" alt=\"\" class=\"wp-image-393\" srcset=\"https:\/\/www.judomiesbach.de\/wp-content\/uploads\/2023\/03\/Guertelpruefung-1024x791.jpg 1024w, https:\/\/www.judomiesbach.de\/wp-content\/uploads\/2023\/03\/Guertelpruefung-300x232.jpg 300w, https:\/\/www.judomiesbach.de\/wp-content\/uploads\/2023\/03\/Guertelpruefung-768x593.jpg 768w, https:\/\/www.judomiesbach.de\/wp-content\/uploads\/2023\/03\/Guertelpruefung-1536x1187.jpg 1536w, https:\/\/www.judomiesbach.de\/wp-content\/uploads\/2023\/03\/Guertelpruefung-2048x1582.jpg 2048w, https:\/\/www.judomiesbach.de\/wp-content\/uploads\/2023\/03\/Guertelpruefung-1200x927.jpg 1200w\" sizes=\"auto, (max-width: 709px) 85vw, (max-width: 909px) 67vw, (max-width: 1362px) 62vw, 840px\" \/><\/figure>\n\n\n\n<p><\/p>\n\n\n\n<p>Am Freitag den 24.03.2023 legte unser Judonachwuchs die Pr\u00fcfung zum wei\u00df-gelben G\u00fcrtel ab.<\/p>\n\n\n\n<p>Die f\u00fcnfj\u00e4hrige Berta begann als Erste. Da sie schon Teile des Pr\u00fcfungsprogramms zeigen konnte, bekam sie zur Belohnung viel Applaus und Schokolade. Luka, Vincent und Matej legten danach unter den wachsamen Augen der Trainerin Katja Grosch los. Die drei haben sich \u00fcber viele Wochen flei\u00dfig auf diesen Tag vorbereitet. Nach der Pr\u00fcfung lobte der Pr\u00fcfer Christian Grosch alle vier f\u00fcr ihre gezeigten Leistungen und \u00fcberreichte den neuen G\u00fcrtel, welchen sie dann ganz schnell gegen den alten austauschten. Sie stellten fest, dass ihnen der neue viel besser steht. Recht haben sie, macht weiter so.<\/p>\n","protected":false},"excerpt":{"rendered":"<p>Am Freitag den 24.03.2023 legte unser Judonachwuchs die Pr\u00fcfung zum wei\u00df-gelben G\u00fcrtel ab. Die f\u00fcnfj\u00e4hrige Berta begann als Erste. Da sie schon Teile des Pr\u00fcfungsprogramms zeigen konnte, bekam sie zur Belohnung viel Applaus und Schokolade. Luka, Vincent und Matej legten danach unter den wachsamen Augen der Trainerin Katja Grosch los. Die drei haben sich \u00fcber &hellip; <a href=\"https:\/\/www.judomiesbach.de\/?p=392\" class=\"more-link\"><span class=\"screen-reader-text\">\u201e<strong>Endlich! Der neue hei\u00df ersehnte G\u00fcrtel ist da<\/strong>\u201c <\/span>weiterlesen<\/a><\/p>\n","protected":false},"author":1,"featured_media":0,"comment_status":"closed","ping_status":"closed","sticky":false,"template":"","format":"standard","meta":{"footnotes":""},"categories":[5],"tags":[],"class_list":["post-392","post","type-post","status-publish","format-standard","hentry","category-guertel-pruefungen"],"_links":{"self":[{"href":"https:\/\/www.judomiesbach.de\/index.php?rest_route=\/wp\/v2\/posts\/392","targetHints":{"allow":["GET"]}}],"collection":[{"href":"https:\/\/www.judomiesbach.de\/index.php?rest_route=\/wp\/v2\/posts"}],"about":[{"href":"https:\/\/www.judomiesbach.de\/index.php?rest_route=\/wp\/v2\/types\/post"}],"author":[{"embeddable":true,"href":"https:\/\/www.judomiesbach.de\/index.php?rest_route=\/wp\/v2\/users\/1"}],"replies":[{"embeddable":true,"href":"https:\/\/www.judomiesbach.de\/index.php?rest_route=%2Fwp%2Fv2%2Fcomments&post=392"}],"version-history":[{"count":1,"href":"https:\/\/www.judomiesbach.de\/index.php?rest_route=\/wp\/v2\/posts\/392\/revisions"}],"predecessor-version":[{"id":394,"href":"https:\/\/www.judomiesbach.de\/index.php?rest_route=\/wp\/v2\/posts\/392\/revisions\/394"}],"wp:attachment":[{"href":"https:\/\/www.judomiesbach.de\/index.php?rest_route=%2Fwp%2Fv2%2Fmedia&parent=392"}],"wp:term":[{"taxonomy":"category","embeddable":true,"href":"https:\/\/www.judomiesbach.de\/index.php?rest_route=%2Fwp%2Fv2%2Fcategories&post=392"},{"taxonomy":"post_tag","embeddable":true,"href":"https:\/\/www.judomiesbach.de\/index.php?rest_route=%2Fwp%2Fv2%2Ftags&post=392"}],"curies":[{"name":"wp","href":"https:\/\/api.w.org\/{rel}","templated":true}]}}