{"id":169,"date":"2019-12-01T17:00:02","date_gmt":"2019-12-01T16:00:02","guid":{"rendered":"https:\/\/www.judomiesbach.de\/?p=169"},"modified":"2019-12-01T16:32:49","modified_gmt":"2019-12-01T15:32:49","slug":"neue-judoguertel-fuer-den-nachwuchs","status":"publish","type":"post","link":"https:\/\/www.judomiesbach.de\/?p=169","title":{"rendered":"Neue Judog\u00fcrtel f\u00fcr den Nachwuchs"},"content":{"rendered":"\n<figure class=\"wp-block-image\"><img loading=\"lazy\" decoding=\"async\" width=\"1024\" height=\"893\" src=\"https:\/\/www.judomiesbach.de\/wp-content\/uploads\/2019\/12\/DSC05829.jpg1G\u00fcrtelpr\u00fcfung-1024x893.jpg\" alt=\"\" class=\"wp-image-170\" srcset=\"https:\/\/www.judomiesbach.de\/wp-content\/uploads\/2019\/12\/DSC05829.jpg1G\u00fcrtelpr\u00fcfung-1024x893.jpg 1024w, https:\/\/www.judomiesbach.de\/wp-content\/uploads\/2019\/12\/DSC05829.jpg1G\u00fcrtelpr\u00fcfung-300x262.jpg 300w, https:\/\/www.judomiesbach.de\/wp-content\/uploads\/2019\/12\/DSC05829.jpg1G\u00fcrtelpr\u00fcfung-768x670.jpg 768w, https:\/\/www.judomiesbach.de\/wp-content\/uploads\/2019\/12\/DSC05829.jpg1G\u00fcrtelpr\u00fcfung-1200x1047.jpg 1200w\" sizes=\"auto, (max-width: 709px) 85vw, (max-width: 909px) 67vw, (max-width: 1362px) 62vw, 840px\" \/><\/figure>\n\n\n\n<p>3 Kleine Nachwuchsjudoka des TV Miesbach haben nach einem halben Jahr flei\u00dfigen \u00dcbens die Pr\u00fcfung zum wei\u00df-gelben G\u00fcrtel abgelegt. Es war nicht nur f\u00fcr die Kinder eine Pr\u00e4miere, sondern auch f\u00fcr Tamara Hart. Sie hat in diesem Jahr die Ausbildung zum Trainer C absolviert. Sie bekam nun ihre erste Gruppe und somit auch die Verantwortung \u00fcbertragen, die Kinder selbstst\u00e4ndig zu f\u00fchren, zu unterst\u00fctzen und auszubilden. Unter den strengen Blicken des Pr\u00fcfers lieferten Nevio Glass, Antonia und Emilia B\u00fccker eine tolle Leistung ab und der frisch gebackenen Trainerin wurde bewusst, da sie nun die Perspektive vom K\u00e4mpfer zum Trainer wechselt, dass der Erfolg der Kinder auch immer ein gro\u00dfes St\u00fcck der Eigene ist. <\/p>\n","protected":false},"excerpt":{"rendered":"<p>3 Kleine Nachwuchsjudoka des TV Miesbach haben nach einem halben Jahr flei\u00dfigen \u00dcbens die Pr\u00fcfung zum wei\u00df-gelben G\u00fcrtel abgelegt. Es war nicht nur f\u00fcr die Kinder eine Pr\u00e4miere, sondern auch f\u00fcr Tamara Hart. Sie hat in diesem Jahr die Ausbildung zum Trainer C absolviert. Sie bekam nun ihre erste Gruppe und somit auch die Verantwortung &hellip; <a href=\"https:\/\/www.judomiesbach.de\/?p=169\" class=\"more-link\"><span class=\"screen-reader-text\">\u201eNeue Judog\u00fcrtel f\u00fcr den Nachwuchs\u201c <\/span>weiterlesen<\/a><\/p>\n","protected":false},"author":1,"featured_media":0,"comment_status":"closed","ping_status":"closed","sticky":false,"template":"","format":"standard","meta":{"footnotes":""},"categories":[5],"tags":[],"class_list":["post-169","post","type-post","status-publish","format-standard","hentry","category-guertel-pruefungen"],"_links":{"self":[{"href":"https:\/\/www.judomiesbach.de\/index.php?rest_route=\/wp\/v2\/posts\/169","targetHints":{"allow":["GET"]}}],"collection":[{"href":"https:\/\/www.judomiesbach.de\/index.php?rest_route=\/wp\/v2\/posts"}],"about":[{"href":"https:\/\/www.judomiesbach.de\/index.php?rest_route=\/wp\/v2\/types\/post"}],"author":[{"embeddable":true,"href":"https:\/\/www.judomiesbach.de\/index.php?rest_route=\/wp\/v2\/users\/1"}],"replies":[{"embeddable":true,"href":"https:\/\/www.judomiesbach.de\/index.php?rest_route=%2Fwp%2Fv2%2Fcomments&post=169"}],"version-history":[{"count":1,"href":"https:\/\/www.judomiesbach.de\/index.php?rest_route=\/wp\/v2\/posts\/169\/revisions"}],"predecessor-version":[{"id":171,"href":"https:\/\/www.judomiesbach.de\/index.php?rest_route=\/wp\/v2\/posts\/169\/revisions\/171"}],"wp:attachment":[{"href":"https:\/\/www.judomiesbach.de\/index.php?rest_route=%2Fwp%2Fv2%2Fmedia&parent=169"}],"wp:term":[{"taxonomy":"category","embeddable":true,"href":"https:\/\/www.judomiesbach.de\/index.php?rest_route=%2Fwp%2Fv2%2Fcategories&post=169"},{"taxonomy":"post_tag","embeddable":true,"href":"https:\/\/www.judomiesbach.de\/index.php?rest_route=%2Fwp%2Fv2%2Ftags&post=169"}],"curies":[{"name":"wp","href":"https:\/\/api.w.org\/{rel}","templated":true}]}}